{"id":2206,"date":"2025-05-29T21:24:50","date_gmt":"2025-05-29T21:24:50","guid":{"rendered":"https:\/\/deiasalon.md\/?p=2206"},"modified":"2025-08-06T06:45:58","modified_gmt":"2025-08-06T06:45:58","slug":"cristina-cirilicenco-la-trainingul-international-anubis-in-barcelona","status":"publish","type":"post","link":"https:\/\/deiasalon.md\/ru\/cristina-cirilicenco-la-trainingul-international-anubis-in-barcelona\/","title":{"rendered":"Cristina Chirilicenco la trainingul interna\u021bional Anubis \u00een Barcelona"},"content":{"rendered":"<div data-elementor-type=\"wp-post\" data-elementor-id=\"2206\" class=\"elementor elementor-2206\" data-elementor-post-type=\"post\">\n\t\t\t\t<div class=\"wd-negative-gap elementor-element elementor-element-b225ec9 e-flex e-con-boxed e-con e-parent\" data-id=\"b225ec9\" data-element_type=\"container\" data-settings=\"{&quot;background_background&quot;:&quot;classic&quot;}\">\n\t\t\t\t\t<div class=\"e-con-inner\">\n\t\t\t\t<div class=\"elementor-element elementor-element-a0bd5cd elementor-widget elementor-widget-heading\" data-id=\"a0bd5cd\" data-element_type=\"widget\" data-widget_type=\"heading.default\">\n\t\t\t\t<div class=\"elementor-widget-container\">\n\t\t\t\t\t<h2 class=\"elementor-heading-title elementor-size-default\">Cristina Chirilicenco la trainingul interna\u021bional Anubis \u00een Barcelona<\/h2>\t\t\t\t<\/div>\n\t\t\t\t<\/div>\n\t\t\t\t<div class=\"elementor-element elementor-element-839a8a4 elementor-widget elementor-widget-wd_text_block\" data-id=\"839a8a4\" data-element_type=\"widget\" data-widget_type=\"wd_text_block.default\">\n\t\t\t\t<div class=\"elementor-widget-container\">\n\t\t\t\t\t\t\t<div class=\"wd-text-block reset-last-child text-left\">\n\t\t\t\n\t\t\t<p class=\"p1\">\u00cen perioada <b>19\u201324 mai 2025<\/b>,\u00a0 cosmetologul <b>Cristina Chirilicenco<\/b> de la<b> Salonu Deia <\/b>a participat la un <b>training interna\u021bional desf\u0103\u0219urat \u00een Barcelona<\/b>, pentru a obtine experienta personala si\u00a0 profesionala, organizat de compania <b>Anubis. <br \/><\/b><\/p><p class=\"p1\">La acest training de testare la cele mai eficiente proceduri cosmetice pentru a aduce ce este mai bun in salonul Deia.\u00a0<br \/><b>Cristina <\/b>a fost implicata \u00een <b>sesiuni intensive de formare<\/b>, \u0219i a studiat aplicarea de <b>noi proceduri de \u00eengrijire facial\u0103 \u0219i corporal\u0103<\/b>, \u0219i a avut ocazia s\u0103 viziteze <b>fabrica Anubis<\/b>, unde a aflat \u00een detaliu cum sunt dezvoltate produsele cosmetice de \u00eenalt\u0103 calitate.<\/p><p class=\"p1\">Revenita din Barcelona, Cristina a adus cu ea o noua <b>experien\u021b\u0103, inspira\u021bie \u0219i noi metode moderne<\/b>, de care vor beneficia toate clientele noastre care aleg excelen\u021ba \u00een \u00eengrijirea pielii la salonul Deia.<\/p>\n\t\t\t\t\t<\/div>\n\t\t\t\t\t\t<\/div>\n\t\t\t\t<\/div>\n\t\t\t\t\t<\/div>\n\t\t\t\t<\/div>\n\t\t\t\t<\/div>","protected":false},"excerpt":{"rendered":"<p>Cristina Chirilicenco la trainingul interna\u021bional Anubis \u00een Barcelona \u00cen perioada 19\u201324 mai 2025,\u00a0 cosmetologul Cristina Chirilicenco de la Salonu Deia<\/p>","protected":false},"author":1,"featured_media":2214,"comment_status":"open","ping_status":"open","sticky":false,"template":"","format":"standard","meta":{"footnotes":""},"categories":[1],"tags":[],"class_list":["post-2206","post","type-post","status-publish","format-standard","has-post-thumbnail","hentry","category-uncategorized"],"_links":{"self":[{"href":"https:\/\/deiasalon.md\/ru\/wp-json\/wp\/v2\/posts\/2206","targetHints":{"allow":["GET"]}}],"collection":[{"href":"https:\/\/deiasalon.md\/ru\/wp-json\/wp\/v2\/posts"}],"about":[{"href":"https:\/\/deiasalon.md\/ru\/wp-json\/wp\/v2\/types\/post"}],"author":[{"embeddable":true,"href":"https:\/\/deiasalon.md\/ru\/wp-json\/wp\/v2\/users\/1"}],"replies":[{"embeddable":true,"href":"https:\/\/deiasalon.md\/ru\/wp-json\/wp\/v2\/comments?post=2206"}],"version-history":[{"count":24,"href":"https:\/\/deiasalon.md\/ru\/wp-json\/wp\/v2\/posts\/2206\/revisions"}],"predecessor-version":[{"id":2462,"href":"https:\/\/deiasalon.md\/ru\/wp-json\/wp\/v2\/posts\/2206\/revisions\/2462"}],"wp:featuredmedia":[{"embeddable":true,"href":"https:\/\/deiasalon.md\/ru\/wp-json\/wp\/v2\/media\/2214"}],"wp:attachment":[{"href":"https:\/\/deiasalon.md\/ru\/wp-json\/wp\/v2\/media?parent=2206"}],"wp:term":[{"taxonomy":"category","embeddable":true,"href":"https:\/\/deiasalon.md\/ru\/wp-json\/wp\/v2\/categories?post=2206"},{"taxonomy":"post_tag","embeddable":true,"href":"https:\/\/deiasalon.md\/ru\/wp-json\/wp\/v2\/tags?post=2206"}],"curies":[{"name":"wp","href":"https:\/\/api.w.org\/{rel}","templated":true}]}}