{"id":2383,"date":"2025-08-05T19:37:18","date_gmt":"2025-08-05T19:37:18","guid":{"rendered":"https:\/\/deiasalon.md\/?p=2383"},"modified":"2025-08-06T06:36:58","modified_gmt":"2025-08-06T06:36:58","slug":"oferta-limitata-rezultat-garantat-in-luna-august-3-sedinte-la-procedura-de-epilare-laser-la-doar-499-lei","status":"publish","type":"post","link":"https:\/\/deiasalon.md\/ru\/oferta-limitata-rezultat-garantat-in-luna-august-3-sedinte-la-procedura-de-epilare-laser-la-doar-499-lei\/","title":{"rendered":"OFERT\u0102 LIMITAT\u0102- Rezultat garantat \u00een luna August: 3 \u0219edin\u021be la procedura de epilare laser la doar 499 lei!"},"content":{"rendered":"<div data-elementor-type=\"wp-post\" data-elementor-id=\"2383\" class=\"elementor elementor-2383\" data-elementor-post-type=\"post\">\n\t\t\t\t<div class=\"wd-negative-gap elementor-element elementor-element-16e65475 e-flex e-con-boxed e-con e-parent\" data-id=\"16e65475\" data-element_type=\"container\">\n\t\t\t\t\t<div class=\"e-con-inner\">\n\t\t\t\t<div class=\"elementor-element elementor-element-fdd3ce2 elementor-widget elementor-widget-heading\" data-id=\"fdd3ce2\" data-element_type=\"widget\" data-widget_type=\"heading.default\">\n\t\t\t\t<div class=\"elementor-widget-container\">\n\t\t\t\t\t<h2 class=\"elementor-heading-title elementor-size-default\">OFERT\u0102 LIMITAT\u0102- Rezultat garantat \u00een luna August: 3 \u0219edin\u021be la procedura de epilare laser la doar 499 lei!<\/h2>\t\t\t\t<\/div>\n\t\t\t\t<\/div>\n\t\t\t\t<div class=\"elementor-element elementor-element-26cb96fc color-scheme-inherit text-left elementor-widget elementor-widget-text-editor\" data-id=\"26cb96fc\" data-element_type=\"widget\" data-widget_type=\"text-editor.default\">\n\t\t\t\t<div class=\"elementor-widget-container\">\n\t\t\t\t\t\t\t\t\t\n<p>C\u00e2t timp pierzi \u00een fiecare lun\u0103 epil\u00e2ndu-te? Irita\u021bii, durere, disconfort \u0219i totul pentru un rezultat care \u021bine doar c\u00e2teva zile.<\/p>\n\n<p><strong>Acum ai ocazia s\u0103 scapi definitiv de aceast\u0103 grij\u0103, la un pre\u021b incredibil: 3 \u0219edin\u021be epilare laser pentru axile la doar 499 lei, doar la Deia Salon chiar <\/strong>\u00een centru ora\u0219ului!<\/p>\n\n<p><strong>De ce s\u0103 alegi epilarea laser la axile chiar acum?<\/strong><\/p>\n\n<p>\u2714 <strong>Piele fin\u0103 \u00een orice moment<\/strong> \u2013 f\u0103r\u0103 stres \u00eenainte de plaj\u0103, sal\u0103 sau \u00eent\u00e2lniri.<\/p>\n\n<p>\u2714 <strong>F\u0103r\u0103 bubi\u021be \u0219i irita\u021bii<\/strong> \u2013 uit\u0103 de disconfortul de dup\u0103 epilare clasic\u0103.<\/p>\n\n<p>\u2714 <strong>Rezultate vizibile rapid<\/strong> \u2013 p\u0103rul devine mai rar chiar de la prima \u0219edin\u021b\u0103.<\/p>\n\n<p>\u2714 <strong>Tehnologie Lumenis\u00ae \u2013 lider mondial \u00een epilarea definitiv\u0103<\/strong>.<\/p>\n\n<p><strong>Cum func\u021bioneaz\u0103?<\/strong><\/p>\n\n<p>Laserul ac\u021bioneaz\u0103 direct asupra foliculului de p\u0103r, reduc\u00e2nd cre\u0219terea acestuia. Cu fiecare \u0219edin\u021b\u0103, vei observa o piele tot mai fin\u0103 \u0219i o reducere semnificativ\u0103 a p\u0103rului.<\/p>\n\n<p><strong>De ce la Deia Salon?<\/strong><\/p>\n\n<ul class=\"wp-block-list\">\n<li>Echipamente originale <strong>Lumenis\u00ae<\/strong> pentru eficien\u021b\u0103 maxim\u0103.<\/li>\n\n<li>Speciali\u0219ti certifica\u021bi, cu experien\u021b\u0103.<\/li>\n\n<li>Ambian\u021b\u0103 premium, confort \u0219i siguran\u021b\u0103 la fiecare pas.<\/li>\n<\/ul>\n\n<p><strong>OFERT\u0102 LIMITAT\u0102<\/strong> <strong>valabil\u0103 doar \u00een luna august 2025!<\/strong><\/p>\n\n<p><strong>3 \u0219edin\u021be epilare laser axile \u2192 doar 499 lei<\/strong><\/p>\n\n<p>Programeaz\u0103-te acum: <strong>079 906 005<\/strong><\/p>\n\n<p>www.deia.md<\/p>\n\n<p><br \/>\u26a0 <strong>Locurile sunt limitate \u0219i se ocup\u0103 rapid!<\/strong> Nu am\u00e2na \u2013 f\u0103 primul pas spre libertatea de a te sim\u021bi mereu \u00eencrez\u0103toare.<\/p>\n\t\t\t\t\t\t\t\t<\/div>\n\t\t\t\t<\/div>\n\t\t\t\t\t<\/div>\n\t\t\t\t<\/div>\n\t\t<div class=\"wd-negative-gap elementor-element elementor-element-30a52fd e-flex e-con-boxed e-con e-parent\" data-id=\"30a52fd\" data-element_type=\"container\">\n\t\t\t\t\t<div class=\"e-con-inner\">\n\t\t\t\t<div class=\"elementor-element elementor-element-493ca4b elementor-widget elementor-widget-wd_image_or_svg\" data-id=\"493ca4b\" data-element_type=\"widget\" data-widget_type=\"wd_image_or_svg.default\">\n\t\t\t\t<div class=\"elementor-widget-container\">\n\t\t\t\t\t\n\t\t<div class=\"wd-image text-left\">\n\t\t\t\t\t\t\t\t<img fetchpriority=\"high\" decoding=\"async\" width=\"768\" height=\"768\" src=\"https:\/\/deiasalon.md\/wp-content\/uploads\/2025\/08\/deia-oferta-768x768.png\" class=\"attachment-medium_large size-medium_large\" alt=\"Epilare laser la axile 3 \u0219edin\u021be 499 lei\" srcset=\"https:\/\/deiasalon.md\/wp-content\/uploads\/2025\/08\/deia-oferta-768x768.png 768w, https:\/\/deiasalon.md\/wp-content\/uploads\/2025\/08\/deia-oferta-300x300.png 300w, https:\/\/deiasalon.md\/wp-content\/uploads\/2025\/08\/deia-oferta-1024x1024.png 1024w, https:\/\/deiasalon.md\/wp-content\/uploads\/2025\/08\/deia-oferta-150x150.png 150w, https:\/\/deiasalon.md\/wp-content\/uploads\/2025\/08\/deia-oferta-12x12.png 12w, https:\/\/deiasalon.md\/wp-content\/uploads\/2025\/08\/deia-oferta.png 1080w\" sizes=\"(max-width: 768px) 100vw, 768px\" \/>\t\t\t\t\t<\/div>\n\n\t\t\t\t\t\t<\/div>\n\t\t\t\t<\/div>\n\t\t\t\t\t<\/div>\n\t\t\t\t<\/div>\n\t\t<div class=\"wd-negative-gap elementor-element elementor-element-30dfc54 e-flex e-con-boxed e-con e-parent\" data-id=\"30dfc54\" data-element_type=\"container\">\n\t\t\t\t\t<div class=\"e-con-inner\">\n\t\t\t\t\t<\/div>\n\t\t\t\t<\/div>\n\t\t<div class=\"wd-negative-gap elementor-element elementor-element-8a4f456 e-flex e-con-boxed e-con e-parent\" data-id=\"8a4f456\" data-element_type=\"container\">\n\t\t\t\t\t<div class=\"e-con-inner\">\n\t\t\t\t\t<\/div>\n\t\t\t\t<\/div>\n\t\t<div class=\"wd-negative-gap elementor-element elementor-element-eb33fef e-flex e-con-boxed e-con e-parent\" data-id=\"eb33fef\" data-element_type=\"container\">\n\t\t\t\t\t<div class=\"e-con-inner\">\n\t\t\t\t<div class=\"elementor-element elementor-element-c9e1705 elementor-widget elementor-widget-wd_image_or_svg\" data-id=\"c9e1705\" data-element_type=\"widget\" data-widget_type=\"wd_image_or_svg.default\">\n\t\t\t\t<div class=\"elementor-widget-container\">\n\t\t\t\t\t\n\t\t<div class=\"wd-image text-left\">\n\t\t\t\t\t\t\t\t\t\t\t\t\t<\/div>\n\n\t\t\t\t\t\t<\/div>\n\t\t\t\t<\/div>\n\t\t\t\t\t<\/div>\n\t\t\t\t<\/div>\n\t\t\t\t<\/div>","protected":false},"excerpt":{"rendered":"<p>OFERT\u0102 LIMITAT\u0102- Rezultat garantat \u00een luna August: 3 \u0219edin\u021be la procedura de epilare laser la doar 499 lei! C\u00e2t timp<\/p>","protected":false},"author":1,"featured_media":2386,"comment_status":"open","ping_status":"open","sticky":false,"template":"","format":"standard","meta":{"footnotes":""},"categories":[1],"tags":[],"class_list":["post-2383","post","type-post","status-publish","format-standard","has-post-thumbnail","hentry","category-uncategorized"],"_links":{"self":[{"href":"https:\/\/deiasalon.md\/ru\/wp-json\/wp\/v2\/posts\/2383","targetHints":{"allow":["GET"]}}],"collection":[{"href":"https:\/\/deiasalon.md\/ru\/wp-json\/wp\/v2\/posts"}],"about":[{"href":"https:\/\/deiasalon.md\/ru\/wp-json\/wp\/v2\/types\/post"}],"author":[{"embeddable":true,"href":"https:\/\/deiasalon.md\/ru\/wp-json\/wp\/v2\/users\/1"}],"replies":[{"embeddable":true,"href":"https:\/\/deiasalon.md\/ru\/wp-json\/wp\/v2\/comments?post=2383"}],"version-history":[{"count":19,"href":"https:\/\/deiasalon.md\/ru\/wp-json\/wp\/v2\/posts\/2383\/revisions"}],"predecessor-version":[{"id":2453,"href":"https:\/\/deiasalon.md\/ru\/wp-json\/wp\/v2\/posts\/2383\/revisions\/2453"}],"wp:featuredmedia":[{"embeddable":true,"href":"https:\/\/deiasalon.md\/ru\/wp-json\/wp\/v2\/media\/2386"}],"wp:attachment":[{"href":"https:\/\/deiasalon.md\/ru\/wp-json\/wp\/v2\/media?parent=2383"}],"wp:term":[{"taxonomy":"category","embeddable":true,"href":"https:\/\/deiasalon.md\/ru\/wp-json\/wp\/v2\/categories?post=2383"},{"taxonomy":"post_tag","embeddable":true,"href":"https:\/\/deiasalon.md\/ru\/wp-json\/wp\/v2\/tags?post=2383"}],"curies":[{"name":"wp","href":"https:\/\/api.w.org\/{rel}","templated":true}]}}